{"provider_url": "https://www.corbelia.pr.leg.br", "title": "Organograma Atual / Registro de Compet\u00eancias", "html": "<h2><strong>Estrutura do Poder Legislativo</strong></h2>\r\n<p style=\"text-align: justify; \">A C\u00e2mara \u00e9 o pr\u00f3prio Poder Legislativo Municipal que toma suas delibera\u00e7\u00f5es e decis\u00f5es atrav\u00e9s do <strong>Plen\u00e1rio</strong> que \u00e9 composto pelos membros deste Poder, os <strong>Vereadores</strong>, eleitos pelo voto direto; pelas <strong>Comiss\u00f5es Permanentes</strong> e <strong>Tempor\u00e1rias</strong> que s\u00e3o formadas pelos Vereadores; e pela <strong>Mesa Diretiva</strong> cujos os Vereadores que a comp\u00f5em s\u00e3o eleitos pelos seus pares para uma gest\u00e3o de dois anos.</p>\r\n<p style=\"text-align: justify; \">A <strong>Mesa Diretiva</strong> \u00e9 composta por <strong>Presid\u00eancia</strong> integrada pelo <em>Presidente</em> e pelo <em>Vice-Presidente</em> e a <strong>Secretaria</strong> integrada pelo <em>Primeiro Secret\u00e1rio</em> e <em>Segundo Secret\u00e1rio</em>, cada qual com suas fun\u00e7\u00f5es estipuladas pelo <a title=\"\" href=\"https://www.corbelia.pr.leg.br/institucional/regimento-interno-1\" class=\"external-link\" target=\"_self\">Regimento Interno</a>.</p>\r\n<p style=\"text-align: justify; \">Para desempenhar seu papel a <strong>Mesa Diretiva</strong> conta com a <strong>Assessoria Jur\u00eddica da Presid\u00eancia</strong>, a <strong>Assessoria Legislativa</strong>, a <strong>Secretaria Parlamentar</strong> e o <strong>Controle Interno</strong>.</p>\r\n<p style=\"text-align: justify; \">Para desempenhar as fun\u00e7\u00f5es administrativas e de organiza\u00e7\u00e3o e gest\u00e3o do Poder Legislativo o <strong>Presidente</strong> da C\u00e2mara conta com uma <strong>Dire\u00e7\u00e3o Geral</strong>, que se organiza em <strong>Departamento de Contabilidade e Finan\u00e7as</strong>, <strong>Departamento de Comunica\u00e7\u00e3o Institucional</strong>, <strong>Departamento de Apoio Legislativo</strong> e ainda com o <strong>Setor de Administra\u00e7\u00e3o de Recursos Humanos</strong>, <strong>Setor de Compras e Licita\u00e7\u00f5es</strong>, <strong>Setor Jur\u00eddico</strong>, <strong>Setor de Protocolo Geral e Arquivo</strong>, e <strong>Setor de Servi\u00e7os Gerais</strong>.</p>\r\n<p style=\"text-align: justify; \">O <strong>Departamento de Contabilidade e Finan\u00e7as</strong> est\u00e1 organizado em <strong>Setor de Contabilidade, Planejamento e Controle Or\u00e7ament\u00e1rio</strong>; em <strong>Setor Finan\u00e7as e Tesouraria</strong>; e em <strong>Setor de Patrim\u00f4nio e Almoxarifado</strong>, sendo este \u00faltimo assessorado pela <strong>Comiss\u00e3o de Recep\u00e7\u00e3o de Bens</strong>.</p>\r\n<p style=\"text-align: justify; \">O <strong>Departamento de Comunica\u00e7\u00e3o</strong> Institucional est\u00e1 organizado em <strong>Setor de Imprensa e Divulga\u00e7\u00e3o</strong>.</p>\r\n<p style=\"text-align: justify; \">O <strong>Departamento de Apoio Legislativo</strong> est\u00e1 organizado em <strong>Setor de Processo Legislativo</strong>; e em <strong>Setor de Reda\u00e7\u00e3o e Revis\u00e3o</strong>.</p>\r\n<p style=\"text-align: justify; \">O <strong>Setor de Administra\u00e7\u00e3o de Recursos Humanos</strong> \u00e9 assessorado pela <strong>Comiss\u00e3o de Avalia\u00e7\u00e3o e Desempenho</strong> e o <strong>Setor de Compras e Licita\u00e7\u00f5es</strong> \u00e9 assessorado pela <strong>Comiss\u00e3o Permanente de Licita\u00e7\u00f5es</strong>.</p>\r\n<p style=\"text-align: justify; \">Para atender toda esta estrutura a C\u00e2mara conta com quatro servidores efetivos (concursados), quatro servidores comissionados e onze Vereadores.</p>\r\n<p style=\"text-align: justify; \">\u00a0</p>\r\n<p style=\"text-align: justify; \"><span>Estrutura Organizacional</span></p>\r\n<div id=\"page-wrapper\">\r\n<div class=\"row\">\r\n<div class=\"panel panel-default\">\r\n<div class=\"panel-heading\"></div>\r\n<div class=\"panel-body\">\r\n<div class=\"col-lg-12\">\r\n<div class=\"panel panel-yellow\">\r\n<div class=\"panel-heading\">\r\n<h2 align=\"center\">PLEN\u00c1RIO</h2>\r\n</div>\r\n</div>\r\n</div>\r\n<div class=\"col-lg-6\">\r\n<div class=\"panel panel-info\">\r\n<div class=\"panel-heading\">\r\n<h3 align=\"center\">Mesa Diretiva</h3>\r\n</div>\r\n</div>\r\n</div>\r\n<div class=\"col-lg-2\">\r\n<div class=\"panel panel-green\">\r\n<div class=\"panel-heading\">\r\n<h3 align=\"center\">Comiss\u00f5es</h3>\r\n</div>\r\n</div>\r\n</div>\r\n<div class=\"col-lg-2\">\r\n<div class=\"panel panel-primary\">\r\n<div class=\"panel-heading\">\r\n<h3 align=\"center\">Vereadores</h3>\r\n</div>\r\n</div>\r\n</div>\r\n<div class=\"col-lg-2\">\r\n<div class=\"panel panel-red\">\r\n<div class=\"panel-heading\">\r\n<h4 align=\"center\">Controle Interno</h4>\r\n</div>\r\n</div>\r\n</div>\r\n<div class=\"col-lg-12\">\r\n<div class=\"panel panel-info\">\r\n<div class=\"panel-heading\">\r\n<h3 align=\"center\">Presidente</h3>\r\n</div>\r\n</div>\r\n</div>\r\n<div class=\"col-lg-12\">\r\n<div class=\"panel panel-info\">\r\n<div class=\"panel-heading\">\r\n<h4 align=\"center\">Dire\u00e7\u00e3o Geral</h4>\r\n</div>\r\n</div>\r\n</div>\r\n<div class=\"col-lg-6\">\r\n<div class=\"panel panel-warning\">\r\n<div class=\"panel-heading\">\r\n<h4 align=\"center\">Departamento de Contabilidade e Finan\u00e7as</h4>\r\n</div>\r\n<div class=\"panel-body\">\r\n<div class=\"col-lg-6\">\r\n<div class=\"panel panel-default\">\r\n<div class=\"panel-heading\">\r\n<h4 align=\"center\">Setor de Contabilidade, Planejamento e Controle</h4>\r\n</div>\r\n</div>\r\n</div>\r\n<div class=\"col-lg-6\">\r\n<div class=\"panel panel-default\">\r\n<div class=\"panel-heading\">\r\n<h4 align=\"center\">Setor de Finan\u00e7as e Tesouraria</h4>\r\n</div>\r\n</div>\r\n</div>\r\n<div class=\"col-lg-6\">\r\n<div class=\"panel panel-default\">\r\n<div class=\"panel-heading\">\r\n<h4 align=\"center\">Setor de Patrim\u00f4nio e Almoxarifado</h4>\r\n</div>\r\n<div class=\"panel-body\">\r\n<h5><i class=\"fa fa-check\"></i>Comiss\u00e3o de Recep\u00e7\u00e3o de Bens</h5>\r\n</div>\r\n</div>\r\n</div>\r\n</div>\r\n</div>\r\n</div>\r\n<div class=\"col-lg-6\">\r\n<div class=\"panel panel-warning\">\r\n<div class=\"panel-heading\">\r\n<h4 align=\"center\">Departamento de Comunica\u00e7\u00e3o Institucional</h4>\r\n</div>\r\n<div class=\"panel-body\">\r\n<div class=\"col-lg-12\">\r\n<div class=\"panel panel-default\">\r\n<div class=\"panel-heading\">\r\n<h4 align=\"center\">Setor de Imprensa e Divulga\u00e7\u00e3o</h4>\r\n</div>\r\n</div>\r\n</div>\r\n</div>\r\n</div>\r\n</div>\r\n<div class=\"col-lg-6\">\r\n<div class=\"panel panel-warning\">\r\n<div class=\"panel-heading\">\r\n<h4 align=\"center\">Departamento de Apoio Legislativo</h4>\r\n</div>\r\n<div class=\"panel-body\">\r\n<div class=\"col-lg-6\">\r\n<div class=\"panel panel-default\">\r\n<div class=\"panel-heading\">\r\n<h4 align=\"center\">Setor de Processo Legislativo</h4>\r\n</div>\r\n</div>\r\n</div>\r\n<div class=\"col-lg-6\">\r\n<div class=\"panel panel-default\">\r\n<div class=\"panel-heading\">\r\n<h4 align=\"center\">Setor de Reda\u00e7\u00e3o e Revis\u00e3o</h4>\r\n</div>\r\n</div>\r\n</div>\r\n</div>\r\n</div>\r\n</div>\r\n<div class=\"col-lg-3\">\r\n<div class=\"panel panel-warning\">\r\n<div class=\"panel-heading\">\r\n<h4 align=\"center\">Setor de Administra\u00e7\u00e3o de Recursos Humanos</h4>\r\n</div>\r\n<div class=\"panel-body\">\r\n<h5><i class=\"fa fa-check\"></i>Comiss\u00e3o de Avalia\u00e7\u00e3o e Desempenho</h5>\r\n</div>\r\n</div>\r\n</div>\r\n<div class=\"col-lg-3\">\r\n<div class=\"panel panel-success\">\r\n<div class=\"panel-heading\">\r\n<h4 align=\"center\">Setor de Compras e Licita\u00e7\u00f5es</h4>\r\n</div>\r\n<div class=\"panel-body\">\r\n<h5><i class=\"fa fa-check\"></i>Comiss\u00e3o Permanente de Licita\u00e7\u00f5es</h5>\r\n</div>\r\n</div>\r\n</div>\r\n<div class=\"col-lg-3\">\r\n<div class=\"panel panel-success\">\r\n<div class=\"panel-heading\">\r\n<h4 align=\"center\">Setor Jur\u00eddico</h4>\r\n</div>\r\n</div>\r\n</div>\r\n<div class=\"col-lg-3\">\r\n<div class=\"panel panel-success\">\r\n<div class=\"panel-heading\">\r\n<h4 align=\"center\">Setor de Protocolo Geral e Arquivo</h4>\r\n</div>\r\n</div>\r\n</div>\r\n<div class=\"col-lg-3\">\r\n<div class=\"panel panel-success\">\r\n<div class=\"panel-heading\">\r\n<h4 align=\"center\">Setor de Servi\u00e7os Gerais</h4>\r\n</div>\r\n</div>\r\n</div>\r\n</div>\r\n</div>\r\n</div>\r\n</div>\r\n<p style=\"text-align: justify; \">\u00a0</p>\r\n<p><span><br /></span></p>\r\n<p><strong>Organograma Atual</strong></p>\r\n<p style=\"text-align: justify; \">\u00a0<span>Organograma da C\u00e2mara: (</span><a class=\"external-link\" href=\"http://camaramcorbelia.microtectelecom.com.br:8080/pronimtb/upload/Gestao_de_Pessoal/organograma-2021-2024.pdf\" target=\"_self\" title=\"ORGANOGRAMA\">Download em pdf</a><span>)</span></p>\r\n<p style=\"text-align: justify; \"><span>\u00a0</span></p>\r\n<p style=\"text-align: justify; \"><span><strong>Registro de Compet\u00eancias Mesa Diretiva</strong></span></p>\r\n<p style=\"text-align: justify; \"><span><a href=\"https://camaracorbelia.atende.net/transparencia/item/mesa-diretiva#conteudo\">Portal da Transpar\u00eancia - C\u00c2MARA MUNICIPAL DE CORB\u00c9LIA</a></span></p>\r\n<p style=\"text-align: justify; \"><span><br /></span></p>\r\n<p style=\"text-align: justify; \"><span><strong>Respons\u00e1veis Pela Gest\u00e3o do \u00d3rg\u00e3o</strong></span></p>\r\n<p style=\"text-align: justify; \"><span><strong><a href=\"https://camaracorbelia.atende.net/transparencia/item/responsaveis-pela-gestao#conteudo\">Portal da Transpar\u00eancia - C\u00c2MARA MUNICIPAL DE CORB\u00c9LIA</a></strong></span></p>\r\n<p style=\"text-align: justify; \"><span><br /></span></p>\r\n<p style=\"text-align: justify; \"><strong>Registro de Compet\u00eancias Servidores</strong></p>\r\n<p style=\"text-align: justify; \">\u00a0<span>Registro das Compet\u00eancias (</span><a class=\"external-link\" href=\"http://camaramcorbelia.microtectelecom.com.br:8080/pronimtb/upload/Outros/Registro%20das%20Compet%C3%AAncias.pdf\" target=\"_self\" title=\"Registro de Compet\u00eancias\">Download em pdf</a><span>)</span></p>\r\n<p>\u00a0</p>\r\n<p><strong>Identifica\u00e7\u00e3o dos Respons\u00e1veis pelas unidades da estrutura organizacional</strong></p>\r\n<p><span>Identifica\u00e7\u00e3o dos Respons\u00e1veis pelas unidades da estrutura organizacional\u00a0(</span><a class=\"external-link\" href=\"http://camaramcorbelia.microtectelecom.com.br:8080/pronimtb/upload/Administracao_Geral/ID%20Respons%C3%A1veis%20Unidades.pdf\" target=\"_self\" title=\"ID Respons\u00e1veis Unidades\">Download em pdf</a><span>)</span></p>\r\n<p>\u00a0</p>", "author_name": "", "version": "1.0", "author_url": "https://www.corbelia.pr.leg.br/author/camara", "provider_name": "Corb\u00e9lia", "type": "rich"}