{"provider_url": "https://www.corbelia.pr.leg.br", "title": "Convoca\u00e7\u00e3o de Sess\u00e3o Extraordin\u00e1ria", "html": "<p><strong>CONVOCA\u00c7\u00c3O</strong></p>\r\n<p>Prezados Vereadores,<br />O Presidente Vereador Emanuel Andrigo Huff, nos termos do inciso II do Art. 7\u00ba e da al\u00ednea \"a\" do inciso I do Art. 20, ambos do Regimento Interno, convoca Vossas Senhorias para a realiza\u00e7\u00e3o de sess\u00f5es extraordin\u00e1rias para analisar e deliberar os projetos de lei de recomposi\u00e7\u00e3o salarial dos servidores e dos agentes pol\u00edticos municipais de ambos os poderes.</p>\r\n<p>Sess\u00e3o:\u00a0<strong>1\u00aa Extraordin\u00e1ria</strong><br />Data: 30/01/2023<br />Hor\u00e1rio: 11h<br />Local: Plen\u00e1rio da C\u00e2mara Municipal</p>\r\n<p>Sess\u00e3o:\u00a0<strong>2\u00aa Extraordin\u00e1ria</strong><br />Data: 31/01/2023<br />Hor\u00e1rio: 11h<br />Local: Plen\u00e1rio da C\u00e2mara Municipal</p>\r\n<p>Pauta:</p>\r\n<p><strong>PLO 1/2023</strong>\u00a0-\u00a0<em>Concede reajuste aos servidores ativos, inativos, pensionistas, Quadro Pr\u00f3prio do Magist\u00e9rio, comissionados, Conselheiros Tutelares, bem como dos empregados regidos pela CLT \u2013 Agentes Comunit\u00e1rios de Sa\u00fade, Agentes Comunit\u00e1rios de Endemias, Agente de Defesa Civil, a todos os demais servidores da administra\u00e7\u00e3o direta e aut\u00e1rquica \u2013 CASSEMC, Prefeito, Vice-Prefeito, Procurador Geral, Secret\u00e1rios Municipais, e d\u00e1 outras provid\u00eancias.</em></p>\r\n<p>Link:\u00a0<a class=\"external-link\" href=\"https://sapl.corbelia.pr.leg.br/materia/1455\" target=\"_self\" title=\"PLO 1/2023\">https://sapl.corbelia.pr.leg.br/materia/1455</a></p>\r\n<p>-----------------------------------------------------</p>\r\n<p><strong>PLO 2/2023</strong>\u00a0-\u00a0<em>Concede reposi\u00e7\u00e3o inflacion\u00e1ria geral \u00e0 remunera\u00e7\u00e3o aos servidores efetivos e comissionados do quadro pr\u00f3prio, aos Vereadores e Presidente do Poder Legislativo Municipal e d\u00e1 outras provid\u00eancias.</em></p>\r\n<p>Link:\u00a0<a class=\"external-link\" href=\"https://sapl.corbelia.pr.leg.br/materia/1456\" target=\"_self\" title=\"PLO 2/2023\">https://sapl.corbelia.pr.leg.br/materia/1456</a></p>\r\n<p>-----------------------------------------------------</p>", "author_name": "", "version": "1.0", "author_url": "https://www.corbelia.pr.leg.br/author/camara", "provider_name": "Corb\u00e9lia", "type": "rich"}