{"provider_url": "https://www.corbelia.pr.leg.br", "title": "Curso Educa\u00e7\u00e3o", "html": "<p><img src=\"https://www.corbelia.pr.leg.br/imagens/brasaodecorbelia2128.jpg\" alt=\"brasao-corbelia-128\" class=\"image-inline\" title=\"brasao-corbelia-128\" /></p>\r\n<p>Plen\u00e1rio reservado \u00e0 Secretaria Municipal de Educa\u00e7\u00e3o e Cultura, para oferta de curso.</p>", "author_name": "", "version": "1.0", "author_url": "https://www.corbelia.pr.leg.br/author/camara", "provider_name": "Corb\u00e9lia", "type": "rich"}