{"provider_url": "https://www.corbelia.pr.leg.br", "title": "Posse do P\u00e1roco e do Vig\u00e1rio", "html": "<p>A Par\u00f3quia S\u00e3o Judas Tadeu de Corb\u00e9lia convida os Vereadores para participar da Celebra\u00e7\u00e3o Eucar\u00edstica, na qual se dar\u00e1 a cerim\u00f4nia de Posse Can\u00f4nica de seu novo P\u00e1roco, o <strong>Padre Josemar Jos\u00e9 Weizenmann</strong> e de seu novo Vig\u00e1rio, o <strong>Padre Rosevaldo Bahls</strong>.</p>\r\n<p>A celebra\u00e7\u00e3o ser\u00e1 presidida pelo Reverend\u00edssimo Arcebispo Metropolitano de Cascavel Dom Adelar Baruffi e pelo Reverend\u00edssimo Bispo Auxiliar e Vig\u00e1rio Geral Dom Aparecido Donizeti de Souza.</p>\r\n<p>A cerim\u00f4nia se realizar\u00e1 na data de 27 de janeiro de 2023 \u00e0s 19h na Par\u00f3quia S\u00e3o Judas Tadeu em Corb\u00e9lia/PR.</p>\r\n<p>Link para SAPL:\u00a0<a class=\"external-link\" href=\"https://sapl.corbelia.pr.leg.br/docadm/3099\" target=\"_self\" title=\"Of\u00edcio convite\">https://sapl.corbelia.pr.leg.br/docadm/3099</a></p>", "author_name": "", "version": "1.0", "author_url": "https://www.corbelia.pr.leg.br/author/camara", "provider_name": "Corb\u00e9lia", "type": "rich"}