{"provider_url": "https://www.corbelia.pr.leg.br", "title": "ENCONTRO PARA SOLUCIONAR PROBLEMAS NAS OBRAS DE DUPLICA\u00c7\u00c3O ACONTECEU ONTEM NA C\u00c2MARA DE VEREADORES", "html": "<p>Ontem ter\u00e7a-feira (24) mesmo de forma informal, a data marcou como a primeira reuni\u00e3o entre Minist\u00e9rio P\u00fablico, representado pela promotora, Dra. Cl\u00e1udia Biazus; a concession\u00e1ria Viapar, representada pelo Engenheiro Ant\u00f4nio Clarete Valente, o prefeito Dr. Giovani, o diretor de Meio Ambiente, Andreo Fontana; alguns moradores; vereadores e demais autoridades do Munic\u00edpio.</p>\r\n<p>O encontro foi organizado pelo Presidente da C\u00e2mara de Vereadores, Paulo do Raio X que no dia anterior visitou o engenheiro da obra, Matheus Massoni e convidou o mesmo para participar da conversa, junto do engenheiro Clarete, a fim de resolver os problemas causados pelas \u00e1guas da chuva nos \u00faltimos dias.</p>\r\n<p>\u201cA inten\u00e7\u00e3o dessa conversa \u00e9 sair daqui com pelo menos um compromisso de que n\u00e3o ser\u00e1 medido esfor\u00e7os para que tal acontecimento n\u00e3o se repita\u201d, comentou o presidente da C\u00e2mara, Paulo do Raio X . se referindo a empresa que est\u00e1 realizando a obra.</p>\r\n<p>J\u00e1 durante as explica\u00e7\u00f5es e questionamentos, a promotora, Dra. Cl\u00e1udia Biazus lembrou que os problemas com a \u00e1gua em determinadas localidades pr\u00f3ximas as rodovias acontecem h\u00e1 pelo menos 4 anos, \u201c O minist\u00e9rio P\u00fablico j\u00e1 tem o conhecimento de alagamentos desde 2013, tenho fotos aqui que comprovam, inclusive j\u00e1 notificamos algumas empresas que estariam contribuindo para tal situa\u00e7\u00e3o. Lembrou.</p>\r\n<p>O engenheiro Clarete respons\u00e1vel pela obra frisou que o problema j\u00e1 existia, e que o grande volume de chuva registrado nos \u00faltimos dias resultou em todo esse problema, e que na estrada da linha S\u00e3o Roque ser\u00e1 feito uma tubula\u00e7\u00e3o dupla que ir\u00e1 solucionar o problema da estrada.<br />\u201cVamos fazer as conten\u00e7\u00f5es poss\u00edveis para resolver esses problemas, tudo que estiver em nosso alcance ser\u00e1 feito\u201d, afirmou Clarete. \u201cA Viapar \u00e9 sindica da rodovia, s\u00f3 faz o que o DER (Departamento de Estradas e Rodagem) autoriza, n\u00e3o podemos sair fora da autoriza\u00e7\u00e3o deles\u201d, completou.</p>\r\n<p>Com a promessa de que o problema causado pela obra ser\u00e1 resolvido, e que toda a documenta\u00e7\u00e3o do projeto ser\u00e1 enviada a C\u00e2mara de Vereadores para a consulta aberta dos mun\u00edcipes interessados, a reuni\u00e3o foi encerrada.\u00a0<br />O presidente Paulo do Raio X ao final solicitou ao diretor da C\u00e2mara, Dr. Vilson Schwening que encaminhe um pedido ao IAP (Instituto Ambiental do Paran\u00e1) solicitando alguns documentos referentes a obra, e dos locais que est\u00e3o enfrentando problemas nos arredores da rodovia 369, para a PRF ser\u00e1 solicitado via documenta\u00e7\u00e3o, que aumente o n\u00famero de fiscaliza\u00e7\u00e3o a fim de evitar acidentes.</p>\r\n<p>SESS\u00c3O<br />A C\u00e2mara Municipal convida toda a popula\u00e7\u00e3o a acompanhar as sess\u00f5es toda segunda-feira a partir das 19h00 no plen\u00e1rio da C\u00e2mara. In\u00edcio dia 06 de fevereiro.</p>", "author_name": "Interlegis", "version": "1.0", "author_url": "https://www.corbelia.pr.leg.br/author/Interlegis", "provider_name": "Corb\u00e9lia", "type": "rich"}