{"provider_url": "https://www.corbelia.pr.leg.br", "title": "Vereadores buscam respostas junto a Sanepar", "html": "<p>Na manh\u00e3 desta ter\u00e7a-feira (07) os vereadores Cordeiro e El\u00ed Stefanello a pedido de v\u00e1rios mun\u00edcipes principalmente do bairro Vila Unida, foram at\u00e9 o pr\u00e9dio onde est\u00e1 localizado a Empresa da Sanepar em nossa cidade, para conversar com os engenheiros da mesma, sobre a frequente falta de \u00e1gua que os moradores da rua violeta. No local existe um problema de compet\u00eancia da Sanepar para arrumar.</p>\r\n<p>J\u00e1 na empresa os vereadores foram atendido<span class=\"text_exposed_show\">s pelo funcion\u00e1rio Mario, que h\u00e1 anos atende a popula\u00e7\u00e3o. Com muita gentileza e educa\u00e7\u00e3o que lhe \u00e9 costumeira, levou os edis at\u00e9 os engenheiros e respons\u00e1veis pelos reparos, que afirmaram que j\u00e1 durante est\u00e1 semana o problema n\u00e3o vai mais se repetir.</span></p>\r\n<div class=\"text_exposed_show\">\r\n<p>Os vereadores agradeceram a aten\u00e7\u00e3o dos profissionais e pedem para que a popula\u00e7\u00e3o continue informando, e fiscalizando tamb\u00e9m. Que todos os pedidos que chegam at\u00e9 os vereadores, sendo de sua compet\u00eancia, ser\u00e1 investigado e cobrado se a ocasi\u00e3o permitir.</p>\r\n</div>", "author_name": "comunica", "version": "1.0", "author_url": "https://www.corbelia.pr.leg.br/author/comunica", "provider_name": "Corb\u00e9lia", "type": "rich"}